{"id":200,"date":"2019-05-04T10:19:04","date_gmt":"2019-05-04T08:19:04","guid":{"rendered":"http:\/\/taille-de-pierre-lapelerie.fr\/?p=200"},"modified":"2019-05-04T10:19:04","modified_gmt":"2019-05-04T08:19:04","slug":"cintres-encadrements","status":"publish","type":"post","link":"https:\/\/taille-de-pierre-lapelerie.fr\/?p=200","title":{"rendered":"CINTRES \/ ENCADREMENTS"},"content":{"rendered":"<style>#jtg-155 .modula-item .jtg-social a, .lightbox-socials.jtg-social a{ color: #ffffff }#jtg-155 .modula-item .jtg-social svg, .lightbox-socials.jtg-social svg { height: 16px; width: 16px }#jtg-155 .modula-item .jtg-social a:not(:last-child), .lightbox-socials.jtg-social a:not(:last-child) { margin-right: 10px }#jtg-155 .modula-item .caption { background-color: #ffffff;  }#jtg-155 .modula-item .figc {color:#ffffff;}#jtg-155 .modula-item .modula-item-content { transform: scale(1) }#jtg-155 { width:100%;}#jtg-155 .modula-items{height:800px;}#jtg-155 .modula-items .figc p.description { font-size:14px; }#jtg-155 .modula-items .figc p.description { color:#ffffff;}#jtg-155 .modula-items .figc .jtg-title { color:#ffffff; }#jtg-155 .modula-item > a, #jtg-155 .modula-item, #jtg-155 .modula-item-content > a { cursor:zoom-in; } @media screen and (max-width:480px){#jtg-155 .modula-item .figc .jtg-title {  font-size: 12px; }#jtg-155 .modula-items .figc p.description { color:#ffffff;font-size:10px; }}<\/style>\n<!-- Gallery Container -->\n<div  id=\"jtg-155\" class=\"modula modula-gallery modula-creative-gallery\" data-config=\"{&quot;height&quot;:800,&quot;enableTwitter&quot;:true,&quot;enableWhatsapp&quot;:false,&quot;enableFacebook&quot;:true,&quot;enablePinterest&quot;:true,&quot;enableLinkedin&quot;:false,&quot;enableEmail&quot;:false,&quot;randomFactor&quot;:0.5,&quot;type&quot;:&quot;creative-gallery&quot;,&quot;columns&quot;:12,&quot;gutter&quot;:10,&quot;enableResponsive&quot;:&quot;0&quot;,&quot;tabletColumns&quot;:&quot;2&quot;,&quot;mobileColumns&quot;:&quot;1&quot;,&quot;lazyLoad&quot;:&quot;0&quot;,&quot;lightboxOpts&quot;:{&quot;loop&quot;:false,&quot;arrows&quot;:true,&quot;toolbar&quot;:true,&quot;keyboard&quot;:false,&quot;wheel&quot;:false,&quot;buttons&quot;:[&quot;close&quot;],&quot;hash&quot;:false,&quot;lang&quot;:&quot;en&quot;,&quot;touch&quot;:false,&quot;protect&quot;:false,&quot;i18n&quot;:{&quot;en&quot;:{&quot;CLOSE&quot;:&quot;Close&quot;,&quot;NEXT&quot;:&quot;Next&quot;,&quot;PREV&quot;:&quot;Previous&quot;,&quot;Error&quot;:&quot;The requested content cannot be loaded. Please try again later.&quot;,&quot;PLAY_START&quot;:&quot;Start slideshow&quot;,&quot;PLAY_STOP&quot;:&quot;Pause slideshow&quot;,&quot;FULL_SCREEN&quot;:&quot;Full screen&quot;,&quot;THUMBS&quot;:&quot;Thumbnails&quot;,&quot;DOWNLOAD&quot;:&quot;Download&quot;,&quot;SHARE&quot;:&quot;Share&quot;,&quot;ZOOM&quot;:&quot;Zoom&quot;}},&quot;clickSlide&quot;:false,&quot;clickOutside&quot;:false,&quot;dblclickContent&quot;:false,&quot;dblclickSlide&quot;:false,&quot;dblclickOutside&quot;:false,&quot;clickContent&quot;:false},&quot;inView&quot;:false,&quot;email_subject&quot;:&quot;Check out this awesome image !!&quot;,&quot;email_message&quot;:&quot;Here is the link to the image : %%image_link%% and this is the link to the gallery : %%gallery_link%%&quot;,&quot;lightbox&quot;:&quot;fancybox&quot;}\">\n\n\t\n\t<!-- Items Container -->\n\t<div  class=\"modula-items\">\n\t\t<div class=\"modula-item effect-pufrobo\" >\n\t<div class=\"modula-item-overlay\"><\/div>\n\n\t<div class=\"modula-item-content\">\n\n\t\t\t\t\n\t\t\t\t\t<a data-image-id=\"156\" href=\"https:\/\/taille-de-pierre-lapelerie.fr\/wp-content\/uploads\/2019\/05\/Encadre-001.jpg\" rel=\"jtg-155\" data-caption=\"\" class=\"tile-inner modula-item-link\"><\/a>\n\t\t\n\t\t\n\t\t<img class='pic' data-valign=\"middle\" data-halign=\"center\" alt=\"\" data-full=\"http:\/\/taille-de-pierre-lapelerie.fr\/wp-content\/uploads\/2019\/05\/Encadre-001.jpg\" src=\"https:\/\/taille-de-pierre-lapelerie.fr\/wp-content\/uploads\/2019\/05\/Encadre-001-500x99999.jpg\" data-src=\"https:\/\/taille-de-pierre-lapelerie.fr\/wp-content\/uploads\/2019\/05\/Encadre-001-500x99999.jpg\" data-caption=\"\"\/>\n\n\t\t\n\t\t<div class=\"figc no-description\">\n\t\t\t<div class=\"figc-inner\">\n\t\t\t\t\t\t\t\t\t\t\t\t\t\t\t<\/div>\n\t\t<\/div>\n\n\t<\/div>\n\n<\/div><div class=\"modula-item effect-pufrobo\" >\n\t<div class=\"modula-item-overlay\"><\/div>\n\n\t<div class=\"modula-item-content\">\n\n\t\t\t\t\n\t\t\t\t\t<a data-image-id=\"293\" href=\"https:\/\/taille-de-pierre-lapelerie.fr\/wp-content\/uploads\/2019\/05\/DSC_5878-1.jpg\" rel=\"jtg-155\" data-caption=\"Cintre en pierre d&#039;Estaillade\" class=\"tile-inner modula-item-link\"><\/a>\n\t\t\n\t\t\n\t\t<img class='pic' data-valign=\"middle\" data-halign=\"center\" alt=\"\" data-full=\"http:\/\/taille-de-pierre-lapelerie.fr\/wp-content\/uploads\/2019\/05\/DSC_5878-1.jpg\" src=\"https:\/\/taille-de-pierre-lapelerie.fr\/wp-content\/uploads\/2019\/05\/DSC_5878-1-500x99999.jpg\" data-src=\"https:\/\/taille-de-pierre-lapelerie.fr\/wp-content\/uploads\/2019\/05\/DSC_5878-1-500x99999.jpg\" data-caption=\"Cintre en pierre d&#039;Estaillade\"\/>\n\n\t\t\n\t\t<div class=\"figc\">\n\t\t\t<div class=\"figc-inner\">\n\t\t\t\t\t\t\t\t\t\t\t\t\t\t\t<\/div>\n\t\t<\/div>\n\n\t<\/div>\n\n<\/div><div class=\"modula-item effect-pufrobo\" >\n\t<div class=\"modula-item-overlay\"><\/div>\n\n\t<div class=\"modula-item-content\">\n\n\t\t\t\t\n\t\t\t\t\t<a data-image-id=\"157\" href=\"https:\/\/taille-de-pierre-lapelerie.fr\/wp-content\/uploads\/2019\/05\/Encadre-002.jpg\" rel=\"jtg-155\" data-caption=\"Encadrements de porte et fen\u00eatre en pierre d&#039;Estaillade\" class=\"tile-inner modula-item-link\"><\/a>\n\t\t\n\t\t\n\t\t<img class='pic' data-valign=\"middle\" data-halign=\"center\" alt=\"\" data-full=\"http:\/\/taille-de-pierre-lapelerie.fr\/wp-content\/uploads\/2019\/05\/Encadre-002.jpg\" src=\"https:\/\/taille-de-pierre-lapelerie.fr\/wp-content\/uploads\/2019\/05\/Encadre-002-99999x500.jpg\" data-src=\"https:\/\/taille-de-pierre-lapelerie.fr\/wp-content\/uploads\/2019\/05\/Encadre-002-99999x500.jpg\" data-caption=\"Encadrements de porte et fen\u00eatre en pierre d&#039;Estaillade\"\/>\n\n\t\t\n\t\t<div class=\"figc\">\n\t\t\t<div class=\"figc-inner\">\n\t\t\t\t\t\t\t\t\t\t\t\t\t\t\t<\/div>\n\t\t<\/div>\n\n\t<\/div>\n\n<\/div><div class=\"modula-item effect-pufrobo\" >\n\t<div class=\"modula-item-overlay\"><\/div>\n\n\t<div class=\"modula-item-content\">\n\n\t\t\t\t\n\t\t\t\t\t<a data-image-id=\"292\" href=\"https:\/\/taille-de-pierre-lapelerie.fr\/wp-content\/uploads\/2019\/05\/DSC_6088-1.jpg\" rel=\"jtg-155\" data-caption=\"\" class=\"tile-inner modula-item-link\"><\/a>\n\t\t\n\t\t\n\t\t<img class='pic' data-valign=\"middle\" data-halign=\"center\" alt=\"\" data-full=\"http:\/\/taille-de-pierre-lapelerie.fr\/wp-content\/uploads\/2019\/05\/DSC_6088-1.jpg\" src=\"https:\/\/taille-de-pierre-lapelerie.fr\/wp-content\/uploads\/2019\/05\/DSC_6088-1-500x99999.jpg\" data-src=\"https:\/\/taille-de-pierre-lapelerie.fr\/wp-content\/uploads\/2019\/05\/DSC_6088-1-500x99999.jpg\" data-caption=\"\"\/>\n\n\t\t\n\t\t<div class=\"figc no-description\">\n\t\t\t<div class=\"figc-inner\">\n\t\t\t\t\t\t\t\t\t\t\t\t\t\t\t<\/div>\n\t\t<\/div>\n\n\t<\/div>\n\n<\/div><div class=\"modula-item effect-pufrobo\" >\n\t<div class=\"modula-item-overlay\"><\/div>\n\n\t<div class=\"modula-item-content\">\n\n\t\t\t\t\n\t\t\t\t\t<a data-image-id=\"158\" href=\"https:\/\/taille-de-pierre-lapelerie.fr\/wp-content\/uploads\/2019\/05\/Encadre-003.jpg\" rel=\"jtg-155\" data-caption=\"\" class=\"tile-inner modula-item-link\"><\/a>\n\t\t\n\t\t\n\t\t<img class='pic' data-valign=\"middle\" data-halign=\"center\" alt=\"\" data-full=\"http:\/\/taille-de-pierre-lapelerie.fr\/wp-content\/uploads\/2019\/05\/Encadre-003.jpg\" src=\"https:\/\/taille-de-pierre-lapelerie.fr\/wp-content\/uploads\/2019\/05\/Encadre-003-500x99999.jpg\" data-src=\"https:\/\/taille-de-pierre-lapelerie.fr\/wp-content\/uploads\/2019\/05\/Encadre-003-500x99999.jpg\" data-caption=\"\"\/>\n\n\t\t\n\t\t<div class=\"figc no-description\">\n\t\t\t<div class=\"figc-inner\">\n\t\t\t\t\t\t\t\t\t\t\t\t\t\t\t<\/div>\n\t\t<\/div>\n\n\t<\/div>\n\n<\/div><div class=\"modula-item effect-pufrobo\" >\n\t<div class=\"modula-item-overlay\"><\/div>\n\n\t<div class=\"modula-item-content\">\n\n\t\t\t\t\n\t\t\t\t\t<a data-image-id=\"294\" href=\"https:\/\/taille-de-pierre-lapelerie.fr\/wp-content\/uploads\/2019\/05\/DSC_6081-1.jpg\" rel=\"jtg-155\" data-caption=\"\" class=\"tile-inner modula-item-link\"><\/a>\n\t\t\n\t\t\n\t\t<img class='pic' data-valign=\"middle\" data-halign=\"center\" alt=\"\" data-full=\"http:\/\/taille-de-pierre-lapelerie.fr\/wp-content\/uploads\/2019\/05\/DSC_6081-1.jpg\" src=\"https:\/\/taille-de-pierre-lapelerie.fr\/wp-content\/uploads\/2019\/05\/DSC_6081-1-500x99999.jpg\" data-src=\"https:\/\/taille-de-pierre-lapelerie.fr\/wp-content\/uploads\/2019\/05\/DSC_6081-1-500x99999.jpg\" data-caption=\"\"\/>\n\n\t\t\n\t\t<div class=\"figc no-description\">\n\t\t\t<div class=\"figc-inner\">\n\t\t\t\t\t\t\t\t\t\t\t\t\t\t\t<\/div>\n\t\t<\/div>\n\n\t<\/div>\n\n<\/div><div class=\"modula-item effect-pufrobo\" >\n\t<div class=\"modula-item-overlay\"><\/div>\n\n\t<div class=\"modula-item-content\">\n\n\t\t\t\t\n\t\t\t\t\t<a data-image-id=\"159\" href=\"https:\/\/taille-de-pierre-lapelerie.fr\/wp-content\/uploads\/2019\/05\/Encadre-004.jpg\" rel=\"jtg-155\" data-caption=\"\" class=\"tile-inner modula-item-link\"><\/a>\n\t\t\n\t\t\n\t\t<img class='pic' data-valign=\"middle\" data-halign=\"center\" alt=\"\" data-full=\"http:\/\/taille-de-pierre-lapelerie.fr\/wp-content\/uploads\/2019\/05\/Encadre-004.jpg\" src=\"https:\/\/taille-de-pierre-lapelerie.fr\/wp-content\/uploads\/2019\/05\/Encadre-004-99999x500.jpg\" data-src=\"https:\/\/taille-de-pierre-lapelerie.fr\/wp-content\/uploads\/2019\/05\/Encadre-004-99999x500.jpg\" data-caption=\"\"\/>\n\n\t\t\n\t\t<div class=\"figc no-description\">\n\t\t\t<div class=\"figc-inner\">\n\t\t\t\t\t\t\t\t\t\t\t\t\t\t\t<\/div>\n\t\t<\/div>\n\n\t<\/div>\n\n<\/div><div class=\"modula-item effect-pufrobo\" >\n\t<div class=\"modula-item-overlay\"><\/div>\n\n\t<div class=\"modula-item-content\">\n\n\t\t\t\t\n\t\t\t\t\t<a data-image-id=\"160\" href=\"https:\/\/taille-de-pierre-lapelerie.fr\/wp-content\/uploads\/2019\/05\/Encadre-005.jpg\" rel=\"jtg-155\" data-caption=\"\" class=\"tile-inner modula-item-link\"><\/a>\n\t\t\n\t\t\n\t\t<img class='pic' data-valign=\"middle\" data-halign=\"center\" alt=\"\" data-full=\"http:\/\/taille-de-pierre-lapelerie.fr\/wp-content\/uploads\/2019\/05\/Encadre-005.jpg\" src=\"https:\/\/taille-de-pierre-lapelerie.fr\/wp-content\/uploads\/2019\/05\/Encadre-005-500x99999.jpg\" data-src=\"https:\/\/taille-de-pierre-lapelerie.fr\/wp-content\/uploads\/2019\/05\/Encadre-005-500x99999.jpg\" data-caption=\"\"\/>\n\n\t\t\n\t\t<div class=\"figc no-description\">\n\t\t\t<div class=\"figc-inner\">\n\t\t\t\t\t\t\t\t\t\t\t\t\t\t\t<\/div>\n\t\t<\/div>\n\n\t<\/div>\n\n<\/div><div class=\"modula-item effect-pufrobo\" >\n\t<div class=\"modula-item-overlay\"><\/div>\n\n\t<div class=\"modula-item-content\">\n\n\t\t\t\t\n\t\t\t\t\t<a data-image-id=\"161\" href=\"https:\/\/taille-de-pierre-lapelerie.fr\/wp-content\/uploads\/2019\/05\/Encadre-006.jpg\" rel=\"jtg-155\" data-caption=\"\" class=\"tile-inner modula-item-link\"><\/a>\n\t\t\n\t\t\n\t\t<img class='pic' data-valign=\"middle\" data-halign=\"center\" alt=\"\" data-full=\"http:\/\/taille-de-pierre-lapelerie.fr\/wp-content\/uploads\/2019\/05\/Encadre-006.jpg\" src=\"https:\/\/taille-de-pierre-lapelerie.fr\/wp-content\/uploads\/2019\/05\/Encadre-006-500x99999.jpg\" data-src=\"https:\/\/taille-de-pierre-lapelerie.fr\/wp-content\/uploads\/2019\/05\/Encadre-006-500x99999.jpg\" data-caption=\"\"\/>\n\n\t\t\n\t\t<div class=\"figc no-description\">\n\t\t\t<div class=\"figc-inner\">\n\t\t\t\t\t\t\t\t\t\t\t\t\t\t\t<\/div>\n\t\t<\/div>\n\n\t<\/div>\n\n<\/div><div class=\"modula-item effect-pufrobo\" >\n\t<div class=\"modula-item-overlay\"><\/div>\n\n\t<div class=\"modula-item-content\">\n\n\t\t\t\t\n\t\t\t\t\t<a data-image-id=\"162\" href=\"https:\/\/taille-de-pierre-lapelerie.fr\/wp-content\/uploads\/2019\/05\/Encadre-007.jpg\" rel=\"jtg-155\" data-caption=\"\u0152il de b\u0153uf en pierre d&#039;Estaillade \" class=\"tile-inner modula-item-link\"><\/a>\n\t\t\n\t\t\n\t\t<img class='pic' data-valign=\"middle\" data-halign=\"center\" alt=\"\" data-full=\"http:\/\/taille-de-pierre-lapelerie.fr\/wp-content\/uploads\/2019\/05\/Encadre-007.jpg\" src=\"https:\/\/taille-de-pierre-lapelerie.fr\/wp-content\/uploads\/2019\/05\/Encadre-007-500x99999.jpg\" data-src=\"https:\/\/taille-de-pierre-lapelerie.fr\/wp-content\/uploads\/2019\/05\/Encadre-007-500x99999.jpg\" data-caption=\"\u0152il de b\u0153uf en pierre d&#039;Estaillade \"\/>\n\n\t\t\n\t\t<div class=\"figc\">\n\t\t\t<div class=\"figc-inner\">\n\t\t\t\t\t\t\t\t\t\t\t\t\t\t\t<\/div>\n\t\t<\/div>\n\n\t<\/div>\n\n<\/div><div class=\"modula-item effect-pufrobo\" >\n\t<div class=\"modula-item-overlay\"><\/div>\n\n\t<div class=\"modula-item-content\">\n\n\t\t\t\t\n\t\t\t\t\t<a data-image-id=\"163\" href=\"https:\/\/taille-de-pierre-lapelerie.fr\/wp-content\/uploads\/2019\/05\/Encadre-008.jpg\" rel=\"jtg-155\" data-caption=\"\" class=\"tile-inner modula-item-link\"><\/a>\n\t\t\n\t\t\n\t\t<img class='pic' data-valign=\"middle\" data-halign=\"center\" alt=\"\" data-full=\"http:\/\/taille-de-pierre-lapelerie.fr\/wp-content\/uploads\/2019\/05\/Encadre-008.jpg\" src=\"https:\/\/taille-de-pierre-lapelerie.fr\/wp-content\/uploads\/2019\/05\/Encadre-008-500x99999.jpg\" data-src=\"https:\/\/taille-de-pierre-lapelerie.fr\/wp-content\/uploads\/2019\/05\/Encadre-008-500x99999.jpg\" data-caption=\"\"\/>\n\n\t\t\n\t\t<div class=\"figc no-description\">\n\t\t\t<div class=\"figc-inner\">\n\t\t\t\t\t\t\t\t\t\t\t\t\t\t\t<\/div>\n\t\t<\/div>\n\n\t<\/div>\n\n<\/div><div class=\"modula-item effect-pufrobo\" >\n\t<div class=\"modula-item-overlay\"><\/div>\n\n\t<div class=\"modula-item-content\">\n\n\t\t\t\t\n\t\t\t\t\t<a data-image-id=\"290\" href=\"https:\/\/taille-de-pierre-lapelerie.fr\/wp-content\/uploads\/2019\/05\/DSC_6086-1.jpg\" rel=\"jtg-155\" data-caption=\"\" class=\"tile-inner modula-item-link\"><\/a>\n\t\t\n\t\t\n\t\t<img class='pic' data-valign=\"middle\" data-halign=\"center\" alt=\"\" data-full=\"http:\/\/taille-de-pierre-lapelerie.fr\/wp-content\/uploads\/2019\/05\/DSC_6086-1.jpg\" src=\"https:\/\/taille-de-pierre-lapelerie.fr\/wp-content\/uploads\/2019\/05\/DSC_6086-1-500x99999.jpg\" data-src=\"https:\/\/taille-de-pierre-lapelerie.fr\/wp-content\/uploads\/2019\/05\/DSC_6086-1-500x99999.jpg\" data-caption=\"\"\/>\n\n\t\t\n\t\t<div class=\"figc no-description\">\n\t\t\t<div class=\"figc-inner\">\n\t\t\t\t\t\t\t\t\t\t\t\t\t\t\t<\/div>\n\t\t<\/div>\n\n\t<\/div>\n\n<\/div><div class=\"modula-item effect-pufrobo\" >\n\t<div class=\"modula-item-overlay\"><\/div>\n\n\t<div class=\"modula-item-content\">\n\n\t\t\t\t\n\t\t\t\t\t<a data-image-id=\"164\" href=\"https:\/\/taille-de-pierre-lapelerie.fr\/wp-content\/uploads\/2019\/05\/Encadre-009.jpg\" rel=\"jtg-155\" data-caption=\"\" class=\"tile-inner modula-item-link\"><\/a>\n\t\t\n\t\t\n\t\t<img class='pic' data-valign=\"middle\" data-halign=\"center\" alt=\"\" data-full=\"http:\/\/taille-de-pierre-lapelerie.fr\/wp-content\/uploads\/2019\/05\/Encadre-009.jpg\" src=\"https:\/\/taille-de-pierre-lapelerie.fr\/wp-content\/uploads\/2019\/05\/Encadre-009-500x99999.jpg\" data-src=\"https:\/\/taille-de-pierre-lapelerie.fr\/wp-content\/uploads\/2019\/05\/Encadre-009-500x99999.jpg\" data-caption=\"\"\/>\n\n\t\t\n\t\t<div class=\"figc no-description\">\n\t\t\t<div class=\"figc-inner\">\n\t\t\t\t\t\t\t\t\t\t\t\t\t\t\t<\/div>\n\t\t<\/div>\n\n\t<\/div>\n\n<\/div><div class=\"modula-item effect-pufrobo\" >\n\t<div class=\"modula-item-overlay\"><\/div>\n\n\t<div class=\"modula-item-content\">\n\n\t\t\t\t\n\t\t\t\t\t<a data-image-id=\"165\" href=\"https:\/\/taille-de-pierre-lapelerie.fr\/wp-content\/uploads\/2019\/05\/Encadre-010.jpg\" rel=\"jtg-155\" data-caption=\"\" class=\"tile-inner modula-item-link\"><\/a>\n\t\t\n\t\t\n\t\t<img class='pic' data-valign=\"middle\" data-halign=\"center\" alt=\"\" data-full=\"http:\/\/taille-de-pierre-lapelerie.fr\/wp-content\/uploads\/2019\/05\/Encadre-010.jpg\" src=\"https:\/\/taille-de-pierre-lapelerie.fr\/wp-content\/uploads\/2019\/05\/Encadre-010-99999x500.jpg\" data-src=\"https:\/\/taille-de-pierre-lapelerie.fr\/wp-content\/uploads\/2019\/05\/Encadre-010-99999x500.jpg\" data-caption=\"\"\/>\n\n\t\t\n\t\t<div class=\"figc no-description\">\n\t\t\t<div class=\"figc-inner\">\n\t\t\t\t\t\t\t\t\t\t\t\t\t\t\t<\/div>\n\t\t<\/div>\n\n\t<\/div>\n\n<\/div><div class=\"modula-item effect-pufrobo\" >\n\t<div class=\"modula-item-overlay\"><\/div>\n\n\t<div class=\"modula-item-content\">\n\n\t\t\t\t\n\t\t\t\t\t<a data-image-id=\"291\" href=\"https:\/\/taille-de-pierre-lapelerie.fr\/wp-content\/uploads\/2019\/05\/DSC_6087-1.jpg\" rel=\"jtg-155\" data-caption=\"\" class=\"tile-inner modula-item-link\"><\/a>\n\t\t\n\t\t\n\t\t<img class='pic' data-valign=\"middle\" data-halign=\"center\" alt=\"\" data-full=\"http:\/\/taille-de-pierre-lapelerie.fr\/wp-content\/uploads\/2019\/05\/DSC_6087-1.jpg\" src=\"https:\/\/taille-de-pierre-lapelerie.fr\/wp-content\/uploads\/2019\/05\/DSC_6087-1-500x99999.jpg\" data-src=\"https:\/\/taille-de-pierre-lapelerie.fr\/wp-content\/uploads\/2019\/05\/DSC_6087-1-500x99999.jpg\" data-caption=\"\"\/>\n\n\t\t\n\t\t<div class=\"figc no-description\">\n\t\t\t<div class=\"figc-inner\">\n\t\t\t\t\t\t\t\t\t\t\t\t\t\t\t<\/div>\n\t\t<\/div>\n\n\t<\/div>\n\n<\/div><div class=\"modula-item effect-pufrobo\" >\n\t<div class=\"modula-item-overlay\"><\/div>\n\n\t<div class=\"modula-item-content\">\n\n\t\t\t\t\n\t\t\t\t\t<a data-image-id=\"166\" href=\"https:\/\/taille-de-pierre-lapelerie.fr\/wp-content\/uploads\/2019\/05\/P1050410.jpg\" rel=\"jtg-155\" data-caption=\"\" class=\"tile-inner modula-item-link\"><\/a>\n\t\t\n\t\t\n\t\t<img class='pic' data-valign=\"middle\" data-halign=\"center\" alt=\"\" data-full=\"http:\/\/taille-de-pierre-lapelerie.fr\/wp-content\/uploads\/2019\/05\/P1050410.jpg\" src=\"https:\/\/taille-de-pierre-lapelerie.fr\/wp-content\/uploads\/2019\/05\/P1050410-99999x500.jpg\" data-src=\"https:\/\/taille-de-pierre-lapelerie.fr\/wp-content\/uploads\/2019\/05\/P1050410-99999x500.jpg\" data-caption=\"\"\/>\n\n\t\t\n\t\t<div class=\"figc no-description\">\n\t\t\t<div class=\"figc-inner\">\n\t\t\t\t\t\t\t\t\t\t\t\t\t\t\t<\/div>\n\t\t<\/div>\n\n\t<\/div>\n\n<\/div><div class=\"modula-item effect-pufrobo\" >\n\t<div class=\"modula-item-overlay\"><\/div>\n\n\t<div class=\"modula-item-content\">\n\n\t\t\t\t\n\t\t\t\t\t<a data-image-id=\"287\" href=\"https:\/\/taille-de-pierre-lapelerie.fr\/wp-content\/uploads\/2019\/05\/DSC_6089.jpg\" rel=\"jtg-155\" data-caption=\"\" class=\"tile-inner modula-item-link\"><\/a>\n\t\t\n\t\t\n\t\t<img class='pic' data-valign=\"middle\" data-halign=\"center\" alt=\"\" data-full=\"http:\/\/taille-de-pierre-lapelerie.fr\/wp-content\/uploads\/2019\/05\/DSC_6089.jpg\" src=\"https:\/\/taille-de-pierre-lapelerie.fr\/wp-content\/uploads\/2019\/05\/DSC_6089-500x99999.jpg\" data-src=\"https:\/\/taille-de-pierre-lapelerie.fr\/wp-content\/uploads\/2019\/05\/DSC_6089-500x99999.jpg\" data-caption=\"\"\/>\n\n\t\t\n\t\t<div class=\"figc no-description\">\n\t\t\t<div class=\"figc-inner\">\n\t\t\t\t\t\t\t\t\t\t\t\t\t\t\t<\/div>\n\t\t<\/div>\n\n\t<\/div>\n\n<\/div><div class=\"modula-item effect-pufrobo\" >\n\t<div class=\"modula-item-overlay\"><\/div>\n\n\t<div class=\"modula-item-content\">\n\n\t\t\t\t\n\t\t\t\t\t<a data-image-id=\"288\" href=\"https:\/\/taille-de-pierre-lapelerie.fr\/wp-content\/uploads\/2019\/05\/DSC_6093.jpg\" rel=\"jtg-155\" data-caption=\"\" class=\"tile-inner modula-item-link\"><\/a>\n\t\t\n\t\t\n\t\t<img class='pic' data-valign=\"middle\" data-halign=\"center\" alt=\"\" data-full=\"http:\/\/taille-de-pierre-lapelerie.fr\/wp-content\/uploads\/2019\/05\/DSC_6093.jpg\" src=\"https:\/\/taille-de-pierre-lapelerie.fr\/wp-content\/uploads\/2019\/05\/DSC_6093-500x99999.jpg\" data-src=\"https:\/\/taille-de-pierre-lapelerie.fr\/wp-content\/uploads\/2019\/05\/DSC_6093-500x99999.jpg\" data-caption=\"\"\/>\n\n\t\t\n\t\t<div class=\"figc no-description\">\n\t\t\t<div class=\"figc-inner\">\n\t\t\t\t\t\t\t\t\t\t\t\t\t\t\t<\/div>\n\t\t<\/div>\n\n\t<\/div>\n\n<\/div><div class=\"modula-item effect-pufrobo\" >\n\t<div class=\"modula-item-overlay\"><\/div>\n\n\t<div class=\"modula-item-content\">\n\n\t\t\t\t\n\t\t\t\t\t<a data-image-id=\"289\" href=\"https:\/\/taille-de-pierre-lapelerie.fr\/wp-content\/uploads\/2019\/05\/DSC_6094.jpg\" rel=\"jtg-155\" data-caption=\"\" class=\"tile-inner modula-item-link\"><\/a>\n\t\t\n\t\t\n\t\t<img class='pic' data-valign=\"middle\" data-halign=\"center\" alt=\"\" data-full=\"http:\/\/taille-de-pierre-lapelerie.fr\/wp-content\/uploads\/2019\/05\/DSC_6094.jpg\" src=\"https:\/\/taille-de-pierre-lapelerie.fr\/wp-content\/uploads\/2019\/05\/DSC_6094-500x99999.jpg\" data-src=\"https:\/\/taille-de-pierre-lapelerie.fr\/wp-content\/uploads\/2019\/05\/DSC_6094-500x99999.jpg\" data-caption=\"\"\/>\n\n\t\t\n\t\t<div class=\"figc no-description\">\n\t\t\t<div class=\"figc-inner\">\n\t\t\t\t\t\t\t\t\t\t\t\t\t\t\t<\/div>\n\t\t<\/div>\n\n\t<\/div>\n\n<\/div><div class=\"modula-item effect-pufrobo\" >\n\t<div class=\"modula-item-overlay\"><\/div>\n\n\t<div class=\"modula-item-content\">\n\n\t\t\t\t\n\t\t\t\t\t<a data-image-id=\"295\" href=\"https:\/\/taille-de-pierre-lapelerie.fr\/wp-content\/uploads\/2019\/05\/DSC_6082-1.jpg\" rel=\"jtg-155\" data-caption=\"Encadrements de portes, fen\u00eatres et \u0153il de b\u0153uf en pierre d&#039;Estaillade\" class=\"tile-inner modula-item-link\"><\/a>\n\t\t\n\t\t\n\t\t<img class='pic' data-valign=\"middle\" data-halign=\"center\" alt=\"\" data-full=\"http:\/\/taille-de-pierre-lapelerie.fr\/wp-content\/uploads\/2019\/05\/DSC_6082-1.jpg\" src=\"https:\/\/taille-de-pierre-lapelerie.fr\/wp-content\/uploads\/2019\/05\/DSC_6082-1-500x99999.jpg\" data-src=\"https:\/\/taille-de-pierre-lapelerie.fr\/wp-content\/uploads\/2019\/05\/DSC_6082-1-500x99999.jpg\" data-caption=\"Encadrements de portes, fen\u00eatres et \u0153il de b\u0153uf en pierre d&#039;Estaillade\"\/>\n\n\t\t\n\t\t<div class=\"figc\">\n\t\t\t<div class=\"figc-inner\">\n\t\t\t\t\t\t\t\t\t\t\t\t\t\t\t<\/div>\n\t\t<\/div>\n\n\t<\/div>\n\n<\/div>\t\t\n\t<\/div>\n\n\t\n\t\n\t<script type=\"application\/ld+json\">\n\t{\n\t\t\"@context\": \"http:\/\/schema.org\",\n\t\t\"@type\"   : \"ImageGallery\",\n\t\t\"id\"      : \"https:\/\/taille-de-pierre-lapelerie.fr\",\n\t\t\"url\"     : \"https:\/\/taille-de-pierre-lapelerie.fr\"\n\t}\n\n    <\/script>\n\n\t\n<\/div>","protected":false},"excerpt":{"rendered":"","protected":false},"author":1,"featured_media":0,"comment_status":"open","ping_status":"open","sticky":false,"template":"","format":"standard","meta":[],"categories":[1],"tags":[],"_links":{"self":[{"href":"https:\/\/taille-de-pierre-lapelerie.fr\/index.php?rest_route=\/wp\/v2\/posts\/200"}],"collection":[{"href":"https:\/\/taille-de-pierre-lapelerie.fr\/index.php?rest_route=\/wp\/v2\/posts"}],"about":[{"href":"https:\/\/taille-de-pierre-lapelerie.fr\/index.php?rest_route=\/wp\/v2\/types\/post"}],"author":[{"embeddable":true,"href":"https:\/\/taille-de-pierre-lapelerie.fr\/index.php?rest_route=\/wp\/v2\/users\/1"}],"replies":[{"embeddable":true,"href":"https:\/\/taille-de-pierre-lapelerie.fr\/index.php?rest_route=%2Fwp%2Fv2%2Fcomments&post=200"}],"version-history":[{"count":1,"href":"https:\/\/taille-de-pierre-lapelerie.fr\/index.php?rest_route=\/wp\/v2\/posts\/200\/revisions"}],"predecessor-version":[{"id":201,"href":"https:\/\/taille-de-pierre-lapelerie.fr\/index.php?rest_route=\/wp\/v2\/posts\/200\/revisions\/201"}],"wp:attachment":[{"href":"https:\/\/taille-de-pierre-lapelerie.fr\/index.php?rest_route=%2Fwp%2Fv2%2Fmedia&parent=200"}],"wp:term":[{"taxonomy":"category","embeddable":true,"href":"https:\/\/taille-de-pierre-lapelerie.fr\/index.php?rest_route=%2Fwp%2Fv2%2Fcategories&post=200"},{"taxonomy":"post_tag","embeddable":true,"href":"https:\/\/taille-de-pierre-lapelerie.fr\/index.php?rest_route=%2Fwp%2Fv2%2Ftags&post=200"}],"curies":[{"name":"wp","href":"https:\/\/api.w.org\/{rel}","templated":true}]}}